{"id":11527,"date":"2025-01-21T20:07:09","date_gmt":"2025-01-21T19:07:09","guid":{"rendered":"https:\/\/sapor.pl\/?p=11527"},"modified":"2025-02-01T20:08:27","modified_gmt":"2025-02-01T19:08:27","slug":"quelle-porte-de-balcon-choisir","status":"publish","type":"post","link":"https:\/\/sapor.pl\/fr\/tous\/quelle-porte-de-balcon-choisir\/","title":{"rendered":"Quelle Porte de Balcon Choisir ?"},"content":{"rendered":"<p>Choisir la bonne porte de balcon peut \u00eatre une t\u00e2che difficile, d&rsquo;autant plus qu&rsquo;il existe diff\u00e9rents mod\u00e8les et mat\u00e9riaux sur le march\u00e9. Les portes-fen\u00eatres coulissantes sont l&rsquo;une des options populaires qui combinent fonctionnalit\u00e9 et esth\u00e9tique. Dans cet article, nous pr\u00e9sentons quatre crit\u00e8res essentiels \u00e0 prendre en compte lors du choix d&rsquo;une porte de balcon.<!--more--><\/p>\n<h2>Types de Portes de Balcon<\/h2>\n<p>Il existe diff\u00e9rents types de portes de balcon disponibles sur le march\u00e9, et leur s\u00e9lection d\u00e9pend des besoins et des pr\u00e9f\u00e9rences individuels. <strong>Les portes-fen\u00eatres coulissantes sont l&rsquo;une des options populaires<\/strong> qui permettent d&rsquo;\u00e9conomiser de l&rsquo;espace et offrent un acc\u00e8s facile au balcon. Les autres types de portes comprennent les portes oscillo-coulissantes, les portes accord\u00e9on et les portes battantes. Lors du choix du type de porte, il est important de tenir compte de l&rsquo;espace disponible et de l&rsquo;utilisation pr\u00e9vue du balcon.<\/p>\n<p><img decoding=\"async\" class=\"lazyload image\" src=\"data:image\/svg+xml,%3Csvg%20xmlns%3D%27http%3A%2F%2Fwww.w3.org%2F2000%2Fsvg%27%20width%3D%272048%27%20height%3D%271150%27%20viewBox%3D%270%200%202048%201150%27%3E%3Crect%20width%3D%272048%27%20height%3D%271150%27%20fill-opacity%3D%220%22%2F%3E%3C%2Fsvg%3E\" data-orig-src=\"https:\/\/sapor.pl\/wp-content\/uploads\/2024\/07\/balcony-door-window-2.jpg\" alt=\"porte-fen\u00eatre de balcon (2)\" width=\"2048\" height=\"1150\" \/><\/p>\n<h2>Mat\u00e9riaux et Construction<\/h2>\n<p>Les portes de balcon peuvent \u00eatre fabriqu\u00e9es \u00e0 partir de diff\u00e9rents mat\u00e9riaux tels que le bois, l&rsquo;aluminium ou le PVC. Chacun de ces mat\u00e9riaux pr\u00e9sente ses avantages et ses inconv\u00e9nients. Les <a href=\"https:\/\/www.sapor.pl\/drzwi-tarasowe-przesuwne\">portes-fen\u00eatres coulissantes<\/a> en bois sont durables, \u00e9l\u00e9gantes et offrent une bonne isolation thermique, mais n\u00e9cessitent un entretien r\u00e9gulier. Les portes en aluminium sont l\u00e9g\u00e8res, r\u00e9sistantes \u00e0 la corrosion et faciles \u00e0 entretenir, mais peuvent \u00eatre moins efficaces en termes d&rsquo;isolation thermique. Les portes en PVC sont relativement peu co\u00fbteuses, r\u00e9sistantes aux intemp\u00e9ries et offrent une bonne isolation.<\/p>\n<p><img decoding=\"async\" class=\"lazyload image\" src=\"data:image\/svg+xml,%3Csvg%20xmlns%3D%27http%3A%2F%2Fwww.w3.org%2F2000%2Fsvg%27%20width%3D%272048%27%20height%3D%271150%27%20viewBox%3D%270%200%202048%201150%27%3E%3Crect%20width%3D%272048%27%20height%3D%271150%27%20fill-opacity%3D%220%22%2F%3E%3C%2Fsvg%3E\" data-orig-src=\"https:\/\/sapor.pl\/wp-content\/uploads\/2024\/07\/balcony-door-window.jpg\" alt=\"porte-fen\u00eatre de balcon\" width=\"2048\" height=\"1150\" \/><\/p>\n<p>L&rsquo;un des crit\u00e8res essentiels lors du choix des portes de balcon est leur capacit\u00e9 d&rsquo;isolation thermique. <strong>Les portes-fen\u00eatres coulissantes doivent offrir une isolation thermique ad\u00e9quate<\/strong> pour maintenir le confort thermique dans les pi\u00e8ces et r\u00e9duire les pertes d&rsquo;\u00e9nergie. Il est important de pr\u00eater attention au coefficient de transmission thermique (Uw) et au type de vitrage utilis\u00e9 dans les portes. Plus le coefficient Uw est bas, meilleure est l&rsquo;isolation thermique. Les vitrages \u00e0 basse \u00e9missivit\u00e9 ou \u00e0 double chambre peuvent am\u00e9liorer davantage les propri\u00e9t\u00e9s d&rsquo;isolation thermique des portes.<\/p>\n","protected":false},"excerpt":{"rendered":"<p>Choisir la bonne porte de balcon peut \u00eatre une t\u00e2che  [&#8230;]<\/p>\n","protected":false},"author":1,"featured_media":11487,"comment_status":"closed","ping_status":"closed","sticky":false,"template":"","format":"standard","meta":{"footnotes":""},"categories":[357],"tags":[],"class_list":["post-11527","post","type-post","status-publish","format-standard","has-post-thumbnail","hentry","category-tous"],"yoast_head":"<!-- This site is optimized with the Yoast SEO plugin v27.4 - https:\/\/yoast.com\/product\/yoast-seo-wordpress\/ -->\n<title>Quelle Porte de Balcon Choisir ? - Sapor<\/title>\n<meta name=\"robots\" content=\"index, follow, max-snippet:-1, max-image-preview:large, max-video-preview:-1\" \/>\n<link rel=\"canonical\" href=\"https:\/\/sapor.pl\/fr\/tous\/quelle-porte-de-balcon-choisir\/\" \/>\n<meta property=\"og:locale\" content=\"fr_FR\" \/>\n<meta property=\"og:type\" content=\"article\" \/>\n<meta property=\"og:title\" content=\"Quelle Porte de Balcon Choisir ? - Sapor\" \/>\n<meta property=\"og:description\" content=\"Choisir la bonne porte de balcon peut \u00eatre une t\u00e2che [...]\" \/>\n<meta property=\"og:url\" content=\"https:\/\/sapor.pl\/fr\/tous\/quelle-porte-de-balcon-choisir\/\" \/>\n<meta property=\"og:site_name\" content=\"Sapor\" \/>\n<meta property=\"article:publisher\" content=\"https:\/\/www.facebook.com\/SAPOR.Fabryka.okien.i.drzwi\/\" \/>\n<meta property=\"article:published_time\" content=\"2025-01-21T19:07:09+00:00\" \/>\n<meta property=\"article:modified_time\" content=\"2025-02-01T19:08:27+00:00\" \/>\n<meta property=\"og:image\" content=\"https:\/\/sapor.pl\/wp-content\/uploads\/2024\/07\/French-Jakie-drzwi-wybrac-na-balkon.jpg\" \/>\n\t<meta property=\"og:image:width\" content=\"2048\" \/>\n\t<meta property=\"og:image:height\" content=\"1150\" \/>\n\t<meta property=\"og:image:type\" content=\"image\/jpeg\" \/>\n<meta name=\"author\" content=\"Administartor\" \/>\n<meta name=\"twitter:card\" content=\"summary_large_image\" \/>\n<meta name=\"twitter:label1\" content=\"\u00c9crit par\" \/>\n\t<meta name=\"twitter:data1\" content=\"Administartor\" \/>\n\t<meta name=\"twitter:label2\" content=\"Dur\u00e9e de lecture estim\u00e9e\" \/>\n\t<meta name=\"twitter:data2\" content=\"1 minute\" \/>\n<script type=\"application\/ld+json\" class=\"yoast-schema-graph\">{\"@context\":\"https:\\\/\\\/schema.org\",\"@graph\":[{\"@type\":\"Article\",\"@id\":\"https:\\\/\\\/sapor.pl\\\/fr\\\/tous\\\/quelle-porte-de-balcon-choisir\\\/#article\",\"isPartOf\":{\"@id\":\"https:\\\/\\\/sapor.pl\\\/fr\\\/tous\\\/quelle-porte-de-balcon-choisir\\\/\"},\"author\":{\"name\":\"Administartor\",\"@id\":\"https:\\\/\\\/sapor.pl\\\/en\\\/#\\\/schema\\\/person\\\/fef15ee2dea405965937d6f409d02942\"},\"headline\":\"Quelle Porte de Balcon Choisir ?\",\"datePublished\":\"2025-01-21T19:07:09+00:00\",\"dateModified\":\"2025-02-01T19:08:27+00:00\",\"mainEntityOfPage\":{\"@id\":\"https:\\\/\\\/sapor.pl\\\/fr\\\/tous\\\/quelle-porte-de-balcon-choisir\\\/\"},\"wordCount\":361,\"publisher\":{\"@id\":\"https:\\\/\\\/sapor.pl\\\/en\\\/#organization\"},\"image\":{\"@id\":\"https:\\\/\\\/sapor.pl\\\/fr\\\/tous\\\/quelle-porte-de-balcon-choisir\\\/#primaryimage\"},\"thumbnailUrl\":\"https:\\\/\\\/sapor.pl\\\/wp-content\\\/uploads\\\/2024\\\/07\\\/French-Jakie-drzwi-wybrac-na-balkon.jpg\",\"articleSection\":[\"TOUS\"],\"inLanguage\":\"fr-FR\"},{\"@type\":\"WebPage\",\"@id\":\"https:\\\/\\\/sapor.pl\\\/fr\\\/tous\\\/quelle-porte-de-balcon-choisir\\\/\",\"url\":\"https:\\\/\\\/sapor.pl\\\/fr\\\/tous\\\/quelle-porte-de-balcon-choisir\\\/\",\"name\":\"Quelle Porte de Balcon Choisir ? - Sapor\",\"isPartOf\":{\"@id\":\"https:\\\/\\\/sapor.pl\\\/en\\\/#website\"},\"primaryImageOfPage\":{\"@id\":\"https:\\\/\\\/sapor.pl\\\/fr\\\/tous\\\/quelle-porte-de-balcon-choisir\\\/#primaryimage\"},\"image\":{\"@id\":\"https:\\\/\\\/sapor.pl\\\/fr\\\/tous\\\/quelle-porte-de-balcon-choisir\\\/#primaryimage\"},\"thumbnailUrl\":\"https:\\\/\\\/sapor.pl\\\/wp-content\\\/uploads\\\/2024\\\/07\\\/French-Jakie-drzwi-wybrac-na-balkon.jpg\",\"datePublished\":\"2025-01-21T19:07:09+00:00\",\"dateModified\":\"2025-02-01T19:08:27+00:00\",\"breadcrumb\":{\"@id\":\"https:\\\/\\\/sapor.pl\\\/fr\\\/tous\\\/quelle-porte-de-balcon-choisir\\\/#breadcrumb\"},\"inLanguage\":\"fr-FR\",\"potentialAction\":[{\"@type\":\"ReadAction\",\"target\":[\"https:\\\/\\\/sapor.pl\\\/fr\\\/tous\\\/quelle-porte-de-balcon-choisir\\\/\"]}]},{\"@type\":\"ImageObject\",\"inLanguage\":\"fr-FR\",\"@id\":\"https:\\\/\\\/sapor.pl\\\/fr\\\/tous\\\/quelle-porte-de-balcon-choisir\\\/#primaryimage\",\"url\":\"https:\\\/\\\/sapor.pl\\\/wp-content\\\/uploads\\\/2024\\\/07\\\/French-Jakie-drzwi-wybrac-na-balkon.jpg\",\"contentUrl\":\"https:\\\/\\\/sapor.pl\\\/wp-content\\\/uploads\\\/2024\\\/07\\\/French-Jakie-drzwi-wybrac-na-balkon.jpg\",\"width\":2048,\"height\":1150,\"caption\":\"(French) Jakie drzwi wybrac\u0301 na balkon\"},{\"@type\":\"BreadcrumbList\",\"@id\":\"https:\\\/\\\/sapor.pl\\\/fr\\\/tous\\\/quelle-porte-de-balcon-choisir\\\/#breadcrumb\",\"itemListElement\":[{\"@type\":\"ListItem\",\"position\":1,\"name\":\"Page d'accueil\",\"item\":\"https:\\\/\\\/sapor.pl\\\/fr\\\/\"},{\"@type\":\"ListItem\",\"position\":2,\"name\":\"Quelle Porte de Balcon Choisir ?\"}]},{\"@type\":\"WebSite\",\"@id\":\"https:\\\/\\\/sapor.pl\\\/en\\\/#website\",\"url\":\"https:\\\/\\\/sapor.pl\\\/en\\\/\",\"name\":\"Sapor\",\"description\":\"\",\"publisher\":{\"@id\":\"https:\\\/\\\/sapor.pl\\\/en\\\/#organization\"},\"potentialAction\":[{\"@type\":\"SearchAction\",\"target\":{\"@type\":\"EntryPoint\",\"urlTemplate\":\"https:\\\/\\\/sapor.pl\\\/en\\\/?s={search_term_string}\"},\"query-input\":{\"@type\":\"PropertyValueSpecification\",\"valueRequired\":true,\"valueName\":\"search_term_string\"}}],\"inLanguage\":\"fr-FR\"},{\"@type\":\"Organization\",\"@id\":\"https:\\\/\\\/sapor.pl\\\/en\\\/#organization\",\"name\":\"Sapor Sp. z o. o.\",\"url\":\"https:\\\/\\\/sapor.pl\\\/en\\\/\",\"logo\":{\"@type\":\"ImageObject\",\"inLanguage\":\"fr-FR\",\"@id\":\"https:\\\/\\\/sapor.pl\\\/en\\\/#\\\/schema\\\/logo\\\/image\\\/\",\"url\":\"https:\\\/\\\/sapor.pl\\\/wp-content\\\/uploads\\\/2021\\\/04\\\/logo-sapor-e1618419520128.png\",\"contentUrl\":\"https:\\\/\\\/sapor.pl\\\/wp-content\\\/uploads\\\/2021\\\/04\\\/logo-sapor-e1618419520128.png\",\"width\":140,\"height\":67,\"caption\":\"Sapor Sp. z o. o.\"},\"image\":{\"@id\":\"https:\\\/\\\/sapor.pl\\\/en\\\/#\\\/schema\\\/logo\\\/image\\\/\"},\"sameAs\":[\"https:\\\/\\\/www.facebook.com\\\/SAPOR.Fabryka.okien.i.drzwi\\\/\"]},{\"@type\":\"Person\",\"@id\":\"https:\\\/\\\/sapor.pl\\\/en\\\/#\\\/schema\\\/person\\\/fef15ee2dea405965937d6f409d02942\",\"name\":\"Administartor\",\"image\":{\"@type\":\"ImageObject\",\"inLanguage\":\"fr-FR\",\"@id\":\"https:\\\/\\\/secure.gravatar.com\\\/avatar\\\/cf431a23c1196d3ec37215e2ffa5da763abfa7faae38be6c34e334dd97f27d15?s=96&d=mm&r=g\",\"url\":\"https:\\\/\\\/secure.gravatar.com\\\/avatar\\\/cf431a23c1196d3ec37215e2ffa5da763abfa7faae38be6c34e334dd97f27d15?s=96&d=mm&r=g\",\"contentUrl\":\"https:\\\/\\\/secure.gravatar.com\\\/avatar\\\/cf431a23c1196d3ec37215e2ffa5da763abfa7faae38be6c34e334dd97f27d15?s=96&d=mm&r=g\",\"caption\":\"Administartor\"},\"sameAs\":[\"https:\\\/\\\/sapor.pl\"],\"url\":\"https:\\\/\\\/sapor.pl\\\/fr\\\/author\\\/sapor\\\/\"}]}<\/script>\n<!-- \/ Yoast SEO plugin. -->","yoast_head_json":{"title":"Quelle Porte de Balcon Choisir ? - Sapor","robots":{"index":"index","follow":"follow","max-snippet":"max-snippet:-1","max-image-preview":"max-image-preview:large","max-video-preview":"max-video-preview:-1"},"canonical":"https:\/\/sapor.pl\/fr\/tous\/quelle-porte-de-balcon-choisir\/","og_locale":"fr_FR","og_type":"article","og_title":"Quelle Porte de Balcon Choisir ? - Sapor","og_description":"Choisir la bonne porte de balcon peut \u00eatre une t\u00e2che [...]","og_url":"https:\/\/sapor.pl\/fr\/tous\/quelle-porte-de-balcon-choisir\/","og_site_name":"Sapor","article_publisher":"https:\/\/www.facebook.com\/SAPOR.Fabryka.okien.i.drzwi\/","article_published_time":"2025-01-21T19:07:09+00:00","article_modified_time":"2025-02-01T19:08:27+00:00","og_image":[{"width":2048,"height":1150,"url":"https:\/\/sapor.pl\/wp-content\/uploads\/2024\/07\/French-Jakie-drzwi-wybrac-na-balkon.jpg","type":"image\/jpeg"}],"author":"Administartor","twitter_card":"summary_large_image","twitter_misc":{"\u00c9crit par":"Administartor","Dur\u00e9e de lecture estim\u00e9e":"1 minute"},"schema":{"@context":"https:\/\/schema.org","@graph":[{"@type":"Article","@id":"https:\/\/sapor.pl\/fr\/tous\/quelle-porte-de-balcon-choisir\/#article","isPartOf":{"@id":"https:\/\/sapor.pl\/fr\/tous\/quelle-porte-de-balcon-choisir\/"},"author":{"name":"Administartor","@id":"https:\/\/sapor.pl\/en\/#\/schema\/person\/fef15ee2dea405965937d6f409d02942"},"headline":"Quelle Porte de Balcon Choisir ?","datePublished":"2025-01-21T19:07:09+00:00","dateModified":"2025-02-01T19:08:27+00:00","mainEntityOfPage":{"@id":"https:\/\/sapor.pl\/fr\/tous\/quelle-porte-de-balcon-choisir\/"},"wordCount":361,"publisher":{"@id":"https:\/\/sapor.pl\/en\/#organization"},"image":{"@id":"https:\/\/sapor.pl\/fr\/tous\/quelle-porte-de-balcon-choisir\/#primaryimage"},"thumbnailUrl":"https:\/\/sapor.pl\/wp-content\/uploads\/2024\/07\/French-Jakie-drzwi-wybrac-na-balkon.jpg","articleSection":["TOUS"],"inLanguage":"fr-FR"},{"@type":"WebPage","@id":"https:\/\/sapor.pl\/fr\/tous\/quelle-porte-de-balcon-choisir\/","url":"https:\/\/sapor.pl\/fr\/tous\/quelle-porte-de-balcon-choisir\/","name":"Quelle Porte de Balcon Choisir ? - Sapor","isPartOf":{"@id":"https:\/\/sapor.pl\/en\/#website"},"primaryImageOfPage":{"@id":"https:\/\/sapor.pl\/fr\/tous\/quelle-porte-de-balcon-choisir\/#primaryimage"},"image":{"@id":"https:\/\/sapor.pl\/fr\/tous\/quelle-porte-de-balcon-choisir\/#primaryimage"},"thumbnailUrl":"https:\/\/sapor.pl\/wp-content\/uploads\/2024\/07\/French-Jakie-drzwi-wybrac-na-balkon.jpg","datePublished":"2025-01-21T19:07:09+00:00","dateModified":"2025-02-01T19:08:27+00:00","breadcrumb":{"@id":"https:\/\/sapor.pl\/fr\/tous\/quelle-porte-de-balcon-choisir\/#breadcrumb"},"inLanguage":"fr-FR","potentialAction":[{"@type":"ReadAction","target":["https:\/\/sapor.pl\/fr\/tous\/quelle-porte-de-balcon-choisir\/"]}]},{"@type":"ImageObject","inLanguage":"fr-FR","@id":"https:\/\/sapor.pl\/fr\/tous\/quelle-porte-de-balcon-choisir\/#primaryimage","url":"https:\/\/sapor.pl\/wp-content\/uploads\/2024\/07\/French-Jakie-drzwi-wybrac-na-balkon.jpg","contentUrl":"https:\/\/sapor.pl\/wp-content\/uploads\/2024\/07\/French-Jakie-drzwi-wybrac-na-balkon.jpg","width":2048,"height":1150,"caption":"(French) Jakie drzwi wybrac\u0301 na balkon"},{"@type":"BreadcrumbList","@id":"https:\/\/sapor.pl\/fr\/tous\/quelle-porte-de-balcon-choisir\/#breadcrumb","itemListElement":[{"@type":"ListItem","position":1,"name":"Page d'accueil","item":"https:\/\/sapor.pl\/fr\/"},{"@type":"ListItem","position":2,"name":"Quelle Porte de Balcon Choisir ?"}]},{"@type":"WebSite","@id":"https:\/\/sapor.pl\/en\/#website","url":"https:\/\/sapor.pl\/en\/","name":"Sapor","description":"","publisher":{"@id":"https:\/\/sapor.pl\/en\/#organization"},"potentialAction":[{"@type":"SearchAction","target":{"@type":"EntryPoint","urlTemplate":"https:\/\/sapor.pl\/en\/?s={search_term_string}"},"query-input":{"@type":"PropertyValueSpecification","valueRequired":true,"valueName":"search_term_string"}}],"inLanguage":"fr-FR"},{"@type":"Organization","@id":"https:\/\/sapor.pl\/en\/#organization","name":"Sapor Sp. z o. o.","url":"https:\/\/sapor.pl\/en\/","logo":{"@type":"ImageObject","inLanguage":"fr-FR","@id":"https:\/\/sapor.pl\/en\/#\/schema\/logo\/image\/","url":"https:\/\/sapor.pl\/wp-content\/uploads\/2021\/04\/logo-sapor-e1618419520128.png","contentUrl":"https:\/\/sapor.pl\/wp-content\/uploads\/2021\/04\/logo-sapor-e1618419520128.png","width":140,"height":67,"caption":"Sapor Sp. z o. o."},"image":{"@id":"https:\/\/sapor.pl\/en\/#\/schema\/logo\/image\/"},"sameAs":["https:\/\/www.facebook.com\/SAPOR.Fabryka.okien.i.drzwi\/"]},{"@type":"Person","@id":"https:\/\/sapor.pl\/en\/#\/schema\/person\/fef15ee2dea405965937d6f409d02942","name":"Administartor","image":{"@type":"ImageObject","inLanguage":"fr-FR","@id":"https:\/\/secure.gravatar.com\/avatar\/cf431a23c1196d3ec37215e2ffa5da763abfa7faae38be6c34e334dd97f27d15?s=96&d=mm&r=g","url":"https:\/\/secure.gravatar.com\/avatar\/cf431a23c1196d3ec37215e2ffa5da763abfa7faae38be6c34e334dd97f27d15?s=96&d=mm&r=g","contentUrl":"https:\/\/secure.gravatar.com\/avatar\/cf431a23c1196d3ec37215e2ffa5da763abfa7faae38be6c34e334dd97f27d15?s=96&d=mm&r=g","caption":"Administartor"},"sameAs":["https:\/\/sapor.pl"],"url":"https:\/\/sapor.pl\/fr\/author\/sapor\/"}]}},"_links":{"self":[{"href":"https:\/\/sapor.pl\/fr\/wp-json\/wp\/v2\/posts\/11527","targetHints":{"allow":["GET"]}}],"collection":[{"href":"https:\/\/sapor.pl\/fr\/wp-json\/wp\/v2\/posts"}],"about":[{"href":"https:\/\/sapor.pl\/fr\/wp-json\/wp\/v2\/types\/post"}],"author":[{"embeddable":true,"href":"https:\/\/sapor.pl\/fr\/wp-json\/wp\/v2\/users\/1"}],"replies":[{"embeddable":true,"href":"https:\/\/sapor.pl\/fr\/wp-json\/wp\/v2\/comments?post=11527"}],"version-history":[{"count":1,"href":"https:\/\/sapor.pl\/fr\/wp-json\/wp\/v2\/posts\/11527\/revisions"}],"predecessor-version":[{"id":11528,"href":"https:\/\/sapor.pl\/fr\/wp-json\/wp\/v2\/posts\/11527\/revisions\/11528"}],"wp:featuredmedia":[{"embeddable":true,"href":"https:\/\/sapor.pl\/fr\/wp-json\/wp\/v2\/media\/11487"}],"wp:attachment":[{"href":"https:\/\/sapor.pl\/fr\/wp-json\/wp\/v2\/media?parent=11527"}],"wp:term":[{"taxonomy":"category","embeddable":true,"href":"https:\/\/sapor.pl\/fr\/wp-json\/wp\/v2\/categories?post=11527"},{"taxonomy":"post_tag","embeddable":true,"href":"https:\/\/sapor.pl\/fr\/wp-json\/wp\/v2\/tags?post=11527"}],"curies":[{"name":"wp","href":"https:\/\/api.w.org\/{rel}","templated":true}]}}