{"id":11803,"date":"2025-01-23T20:12:44","date_gmt":"2025-01-23T19:12:44","guid":{"rendered":"https:\/\/sapor.pl\/?p=11803"},"modified":"2025-02-07T20:14:03","modified_gmt":"2025-02-07T19:14:03","slug":"cosa-considerare-nella-scelta-delle-finestre-per-una-casa-unifamiliare-2","status":"publish","type":"post","link":"https:\/\/sapor.pl\/it\/tutti\/cosa-considerare-nella-scelta-delle-finestre-per-una-casa-unifamiliare-2\/","title":{"rendered":"Cosa Considerare Nella Scelta delle Finestre per una Casa Unifamiliare?"},"content":{"rendered":"<h2>Cosa Significa la Statica delle Finestre?<\/h2>\n<p>La statica delle finestre potrebbe sembrare un concetto complesso e difficile da comprendere a prima vista. Tuttavia, per chi opera nel settore delle costruzioni e per i produttori di finestre, \u00e8 un aspetto fondamentale che influisce sulla qualit\u00e0, la durabilit\u00e0 e la funzionalit\u00e0 delle finestre. In questo articolo, esamineremo pi\u00f9 da vicino questo argomento per comprendere meglio cosa significa la statica delle finestre e le sue implicazioni per gli utenti.<\/p>\n<h2>L&#8217;Importanza della Statica nella Costruzione delle Finestre<\/h2>\n<p>La statica nel contesto delle finestre si riferisce alla capacit\u00e0 della finestra di mantenere la sua struttura e forma sotto l&#8217;influenza di varie forze che agiscono su di essa, come il peso proprio, i carichi di neve o il vento. In pratica, questo significa che la costruzione della finestra deve essere adeguatamente progettata e realizzata per resistere a questi carichi <strong>senza deformazioni o danni<\/strong>. <strong>La statica delle finestre ha quindi un impatto diretto sulla loro durabilit\u00e0 e propriet\u00e0 funzionali<\/strong>.<\/p>\n<p><img decoding=\"async\" class=\"lazyload alignnone size-full wp-image-11775\" src=\"https:\/\/sapor.pl\/wp-content\/uploads\/2024\/08\/Division-of-windows-according-to-the-method-of-opening-2.jpg\" data-orig-src=\"https:\/\/sapor.pl\/wp-content\/uploads\/2024\/08\/Division-of-windows-according-to-the-method-of-opening-2.jpg\" alt=\"Cosa significa la statica delle finestre?\" width=\"2048\" height=\"1150\" srcset=\"data:image\/svg+xml,%3Csvg%20xmlns%3D%27http%3A%2F%2Fwww.w3.org%2F2000%2Fsvg%27%20width%3D%272048%27%20height%3D%271150%27%20viewBox%3D%270%200%202048%201150%27%3E%3Crect%20width%3D%272048%27%20height%3D%271150%27%20fill-opacity%3D%220%22%2F%3E%3C%2Fsvg%3E\" data-srcset=\"https:\/\/sapor.pl\/wp-content\/uploads\/2024\/08\/Division-of-windows-according-to-the-method-of-opening-2-200x112.jpg 200w, https:\/\/sapor.pl\/wp-content\/uploads\/2024\/08\/Division-of-windows-according-to-the-method-of-opening-2-300x168.jpg 300w, https:\/\/sapor.pl\/wp-content\/uploads\/2024\/08\/Division-of-windows-according-to-the-method-of-opening-2-400x225.jpg 400w, https:\/\/sapor.pl\/wp-content\/uploads\/2024\/08\/Division-of-windows-according-to-the-method-of-opening-2-600x337.jpg 600w, https:\/\/sapor.pl\/wp-content\/uploads\/2024\/08\/Division-of-windows-according-to-the-method-of-opening-2-768x431.jpg 768w, https:\/\/sapor.pl\/wp-content\/uploads\/2024\/08\/Division-of-windows-according-to-the-method-of-opening-2-800x449.jpg 800w, https:\/\/sapor.pl\/wp-content\/uploads\/2024\/08\/Division-of-windows-according-to-the-method-of-opening-2-1024x575.jpg 1024w, https:\/\/sapor.pl\/wp-content\/uploads\/2024\/08\/Division-of-windows-according-to-the-method-of-opening-2-1200x674.jpg 1200w, https:\/\/sapor.pl\/wp-content\/uploads\/2024\/08\/Division-of-windows-according-to-the-method-of-opening-2-1536x863.jpg 1536w, https:\/\/sapor.pl\/wp-content\/uploads\/2024\/08\/Division-of-windows-according-to-the-method-of-opening-2.jpg 2048w\" data-sizes=\"auto\" data-orig-sizes=\"(max-width: 2048px) 100vw, 2048px\" \/><\/p>\n<h2>Impatto dei Materiali sulla Statica delle Finestre<\/h2>\n<p>Il materiale utilizzato per i telai e le ante delle finestre ha un impatto significativo sulla loro statica. Attualmente sul mercato sono disponibili finestre realizzate con diversi materiali come legno, PVC o alluminio. Ognuno ha le proprie propriet\u00e0 meccaniche che influenzano la capacit\u00e0 della finestra di mantenere la sua struttura sotto carico. Per esempio, <strong>le finestre in legno sono caratterizzate da alta rigidit\u00e0 e resistenza<\/strong>, ma sono anche relativamente pesanti. D&#8217;altra parte, <strong>le finestre in alluminio sono pi\u00f9 leggere e pi\u00f9 resistenti alla corrosione<\/strong>, ma potrebbero essere meno rigide di quelle in legno.<\/p>\n<p><img decoding=\"async\" class=\"lazyload alignnone size-full wp-image-11781\" src=\"https:\/\/sapor.pl\/wp-content\/uploads\/2024\/08\/Division-of-windows-according-to-the-method-of-opening.jpg\" data-orig-src=\"https:\/\/sapor.pl\/wp-content\/uploads\/2024\/08\/Division-of-windows-according-to-the-method-of-opening.jpg\" alt=\"Cosa significa la statica delle finestre?\" width=\"2048\" height=\"1150\" srcset=\"data:image\/svg+xml,%3Csvg%20xmlns%3D%27http%3A%2F%2Fwww.w3.org%2F2000%2Fsvg%27%20width%3D%272048%27%20height%3D%271150%27%20viewBox%3D%270%200%202048%201150%27%3E%3Crect%20width%3D%272048%27%20height%3D%271150%27%20fill-opacity%3D%220%22%2F%3E%3C%2Fsvg%3E\" data-srcset=\"https:\/\/sapor.pl\/wp-content\/uploads\/2024\/08\/Division-of-windows-according-to-the-method-of-opening-200x112.jpg 200w, https:\/\/sapor.pl\/wp-content\/uploads\/2024\/08\/Division-of-windows-according-to-the-method-of-opening-300x168.jpg 300w, https:\/\/sapor.pl\/wp-content\/uploads\/2024\/08\/Division-of-windows-according-to-the-method-of-opening-400x225.jpg 400w, https:\/\/sapor.pl\/wp-content\/uploads\/2024\/08\/Division-of-windows-according-to-the-method-of-opening-600x337.jpg 600w, https:\/\/sapor.pl\/wp-content\/uploads\/2024\/08\/Division-of-windows-according-to-the-method-of-opening-768x431.jpg 768w, https:\/\/sapor.pl\/wp-content\/uploads\/2024\/08\/Division-of-windows-according-to-the-method-of-opening-800x449.jpg 800w, https:\/\/sapor.pl\/wp-content\/uploads\/2024\/08\/Division-of-windows-according-to-the-method-of-opening-1024x575.jpg 1024w, https:\/\/sapor.pl\/wp-content\/uploads\/2024\/08\/Division-of-windows-according-to-the-method-of-opening-1200x674.jpg 1200w, https:\/\/sapor.pl\/wp-content\/uploads\/2024\/08\/Division-of-windows-according-to-the-method-of-opening-1536x863.jpg 1536w, https:\/\/sapor.pl\/wp-content\/uploads\/2024\/08\/Division-of-windows-according-to-the-method-of-opening.jpg 2048w\" data-sizes=\"auto\" data-orig-sizes=\"(max-width: 2048px) 100vw, 2048px\" \/><\/p>\n<h2>Tecnologie per Rinforzare la Costruzione delle Finestre<\/h2>\n<p><a href=\"http:\/\/sapor.pl\/\">I produttori di finestre<\/a> utilizzano varie tecnologie per migliorare la statica delle finestre. Per le finestre in PVC, una soluzione popolare \u00e8 l&#8217;uso di rinforzi in acciaio all&#8217;interno dei profili del telaio e dell&#8217;anta. Questo risulta in una maggiore rigidit\u00e0 strutturale, permettendo l&#8217;installazione di vetri pi\u00f9 grandi o funzionalit\u00e0 aggiuntive come tapparelle o persiane. Per le finestre in legno, vengono utilizzate speciali tecniche di laminazione e impregnazione del legno, che ne aumentano la resistenza e la durabilit\u00e0 contro i fattori atmosferici.<\/p>\n","protected":false},"excerpt":{"rendered":"<p>Cosa Significa la Statica delle Finestre? La statica delle finestre  [&#8230;]<\/p>\n","protected":false},"author":1,"featured_media":11774,"comment_status":"closed","ping_status":"closed","sticky":false,"template":"","format":"standard","meta":{"footnotes":""},"categories":[370],"tags":[],"class_list":["post-11803","post","type-post","status-publish","format-standard","has-post-thumbnail","hentry","category-tutti"],"yoast_head":"<!-- This site is optimized with the Yoast SEO plugin v27.4 - https:\/\/yoast.com\/product\/yoast-seo-wordpress\/ -->\n<title>Cosa Considerare Nella Scelta delle Finestre per una Casa Unifamiliare? - Sapor<\/title>\n<meta name=\"robots\" content=\"index, follow, max-snippet:-1, max-image-preview:large, max-video-preview:-1\" \/>\n<link rel=\"canonical\" href=\"https:\/\/sapor.pl\/it\/tutti\/cosa-considerare-nella-scelta-delle-finestre-per-una-casa-unifamiliare-2\/\" \/>\n<meta property=\"og:locale\" content=\"it_IT\" \/>\n<meta property=\"og:type\" content=\"article\" \/>\n<meta property=\"og:title\" content=\"Cosa Considerare Nella Scelta delle Finestre per una Casa Unifamiliare? - Sapor\" \/>\n<meta property=\"og:description\" content=\"Cosa Significa la Statica delle Finestre? La statica delle finestre [...]\" \/>\n<meta property=\"og:url\" content=\"https:\/\/sapor.pl\/it\/tutti\/cosa-considerare-nella-scelta-delle-finestre-per-una-casa-unifamiliare-2\/\" \/>\n<meta property=\"og:site_name\" content=\"Sapor\" \/>\n<meta property=\"article:publisher\" content=\"https:\/\/www.facebook.com\/SAPOR.Fabryka.okien.i.drzwi\/\" \/>\n<meta property=\"article:published_time\" content=\"2025-01-23T19:12:44+00:00\" \/>\n<meta property=\"article:modified_time\" content=\"2025-02-07T19:14:03+00:00\" \/>\n<meta property=\"og:image\" content=\"https:\/\/sapor.pl\/wp-content\/uploads\/2024\/08\/Italian-Jakie-drzwi-wybrac-na-balkon.jpg\" \/>\n\t<meta property=\"og:image:width\" content=\"2048\" \/>\n\t<meta property=\"og:image:height\" content=\"1150\" \/>\n\t<meta property=\"og:image:type\" content=\"image\/jpeg\" \/>\n<meta name=\"author\" content=\"Administartor\" \/>\n<meta name=\"twitter:card\" content=\"summary_large_image\" \/>\n<meta name=\"twitter:label1\" content=\"Scritto da\" \/>\n\t<meta name=\"twitter:data1\" content=\"Administartor\" \/>\n\t<meta name=\"twitter:label2\" content=\"Tempo di lettura stimato\" \/>\n\t<meta name=\"twitter:data2\" content=\"1 minuto\" \/>\n<script type=\"application\/ld+json\" class=\"yoast-schema-graph\">{\"@context\":\"https:\\\/\\\/schema.org\",\"@graph\":[{\"@type\":\"Article\",\"@id\":\"https:\\\/\\\/sapor.pl\\\/it\\\/tutti\\\/cosa-considerare-nella-scelta-delle-finestre-per-una-casa-unifamiliare-2\\\/#article\",\"isPartOf\":{\"@id\":\"https:\\\/\\\/sapor.pl\\\/it\\\/tutti\\\/cosa-considerare-nella-scelta-delle-finestre-per-una-casa-unifamiliare-2\\\/\"},\"author\":{\"name\":\"Administartor\",\"@id\":\"https:\\\/\\\/sapor.pl\\\/en\\\/#\\\/schema\\\/person\\\/fef15ee2dea405965937d6f409d02942\"},\"headline\":\"Cosa Considerare Nella Scelta delle Finestre per una Casa Unifamiliare?\",\"datePublished\":\"2025-01-23T19:12:44+00:00\",\"dateModified\":\"2025-02-07T19:14:03+00:00\",\"mainEntityOfPage\":{\"@id\":\"https:\\\/\\\/sapor.pl\\\/it\\\/tutti\\\/cosa-considerare-nella-scelta-delle-finestre-per-una-casa-unifamiliare-2\\\/\"},\"wordCount\":358,\"publisher\":{\"@id\":\"https:\\\/\\\/sapor.pl\\\/en\\\/#organization\"},\"image\":{\"@id\":\"https:\\\/\\\/sapor.pl\\\/it\\\/tutti\\\/cosa-considerare-nella-scelta-delle-finestre-per-una-casa-unifamiliare-2\\\/#primaryimage\"},\"thumbnailUrl\":\"https:\\\/\\\/sapor.pl\\\/wp-content\\\/uploads\\\/2024\\\/08\\\/Italian-Jakie-drzwi-wybrac-na-balkon.jpg\",\"articleSection\":[\"TUTTI\"],\"inLanguage\":\"it-IT\"},{\"@type\":\"WebPage\",\"@id\":\"https:\\\/\\\/sapor.pl\\\/it\\\/tutti\\\/cosa-considerare-nella-scelta-delle-finestre-per-una-casa-unifamiliare-2\\\/\",\"url\":\"https:\\\/\\\/sapor.pl\\\/it\\\/tutti\\\/cosa-considerare-nella-scelta-delle-finestre-per-una-casa-unifamiliare-2\\\/\",\"name\":\"Cosa Considerare Nella Scelta delle Finestre per una Casa Unifamiliare? - Sapor\",\"isPartOf\":{\"@id\":\"https:\\\/\\\/sapor.pl\\\/en\\\/#website\"},\"primaryImageOfPage\":{\"@id\":\"https:\\\/\\\/sapor.pl\\\/it\\\/tutti\\\/cosa-considerare-nella-scelta-delle-finestre-per-una-casa-unifamiliare-2\\\/#primaryimage\"},\"image\":{\"@id\":\"https:\\\/\\\/sapor.pl\\\/it\\\/tutti\\\/cosa-considerare-nella-scelta-delle-finestre-per-una-casa-unifamiliare-2\\\/#primaryimage\"},\"thumbnailUrl\":\"https:\\\/\\\/sapor.pl\\\/wp-content\\\/uploads\\\/2024\\\/08\\\/Italian-Jakie-drzwi-wybrac-na-balkon.jpg\",\"datePublished\":\"2025-01-23T19:12:44+00:00\",\"dateModified\":\"2025-02-07T19:14:03+00:00\",\"breadcrumb\":{\"@id\":\"https:\\\/\\\/sapor.pl\\\/it\\\/tutti\\\/cosa-considerare-nella-scelta-delle-finestre-per-una-casa-unifamiliare-2\\\/#breadcrumb\"},\"inLanguage\":\"it-IT\",\"potentialAction\":[{\"@type\":\"ReadAction\",\"target\":[\"https:\\\/\\\/sapor.pl\\\/it\\\/tutti\\\/cosa-considerare-nella-scelta-delle-finestre-per-una-casa-unifamiliare-2\\\/\"]}]},{\"@type\":\"ImageObject\",\"inLanguage\":\"it-IT\",\"@id\":\"https:\\\/\\\/sapor.pl\\\/it\\\/tutti\\\/cosa-considerare-nella-scelta-delle-finestre-per-una-casa-unifamiliare-2\\\/#primaryimage\",\"url\":\"https:\\\/\\\/sapor.pl\\\/wp-content\\\/uploads\\\/2024\\\/08\\\/Italian-Jakie-drzwi-wybrac-na-balkon.jpg\",\"contentUrl\":\"https:\\\/\\\/sapor.pl\\\/wp-content\\\/uploads\\\/2024\\\/08\\\/Italian-Jakie-drzwi-wybrac-na-balkon.jpg\",\"width\":2048,\"height\":1150,\"caption\":\"Cosa Considerare Nella Scelta delle Finestre per una Casa Unifamiliare?\"},{\"@type\":\"BreadcrumbList\",\"@id\":\"https:\\\/\\\/sapor.pl\\\/it\\\/tutti\\\/cosa-considerare-nella-scelta-delle-finestre-per-una-casa-unifamiliare-2\\\/#breadcrumb\",\"itemListElement\":[{\"@type\":\"ListItem\",\"position\":1,\"name\":\"Homepage\",\"item\":\"https:\\\/\\\/sapor.pl\\\/de\\\/\"},{\"@type\":\"ListItem\",\"position\":2,\"name\":\"Cosa Considerare Nella Scelta delle Finestre per una Casa Unifamiliare?\"}]},{\"@type\":\"WebSite\",\"@id\":\"https:\\\/\\\/sapor.pl\\\/en\\\/#website\",\"url\":\"https:\\\/\\\/sapor.pl\\\/en\\\/\",\"name\":\"Sapor\",\"description\":\"\",\"publisher\":{\"@id\":\"https:\\\/\\\/sapor.pl\\\/en\\\/#organization\"},\"potentialAction\":[{\"@type\":\"SearchAction\",\"target\":{\"@type\":\"EntryPoint\",\"urlTemplate\":\"https:\\\/\\\/sapor.pl\\\/en\\\/?s={search_term_string}\"},\"query-input\":{\"@type\":\"PropertyValueSpecification\",\"valueRequired\":true,\"valueName\":\"search_term_string\"}}],\"inLanguage\":\"it-IT\"},{\"@type\":\"Organization\",\"@id\":\"https:\\\/\\\/sapor.pl\\\/en\\\/#organization\",\"name\":\"Sapor Sp. z o. o.\",\"url\":\"https:\\\/\\\/sapor.pl\\\/en\\\/\",\"logo\":{\"@type\":\"ImageObject\",\"inLanguage\":\"it-IT\",\"@id\":\"https:\\\/\\\/sapor.pl\\\/en\\\/#\\\/schema\\\/logo\\\/image\\\/\",\"url\":\"https:\\\/\\\/sapor.pl\\\/wp-content\\\/uploads\\\/2021\\\/04\\\/logo-sapor-e1618419520128.png\",\"contentUrl\":\"https:\\\/\\\/sapor.pl\\\/wp-content\\\/uploads\\\/2021\\\/04\\\/logo-sapor-e1618419520128.png\",\"width\":140,\"height\":67,\"caption\":\"Sapor Sp. z o. o.\"},\"image\":{\"@id\":\"https:\\\/\\\/sapor.pl\\\/en\\\/#\\\/schema\\\/logo\\\/image\\\/\"},\"sameAs\":[\"https:\\\/\\\/www.facebook.com\\\/SAPOR.Fabryka.okien.i.drzwi\\\/\"]},{\"@type\":\"Person\",\"@id\":\"https:\\\/\\\/sapor.pl\\\/en\\\/#\\\/schema\\\/person\\\/fef15ee2dea405965937d6f409d02942\",\"name\":\"Administartor\",\"image\":{\"@type\":\"ImageObject\",\"inLanguage\":\"it-IT\",\"@id\":\"https:\\\/\\\/secure.gravatar.com\\\/avatar\\\/cf431a23c1196d3ec37215e2ffa5da763abfa7faae38be6c34e334dd97f27d15?s=96&d=mm&r=g\",\"url\":\"https:\\\/\\\/secure.gravatar.com\\\/avatar\\\/cf431a23c1196d3ec37215e2ffa5da763abfa7faae38be6c34e334dd97f27d15?s=96&d=mm&r=g\",\"contentUrl\":\"https:\\\/\\\/secure.gravatar.com\\\/avatar\\\/cf431a23c1196d3ec37215e2ffa5da763abfa7faae38be6c34e334dd97f27d15?s=96&d=mm&r=g\",\"caption\":\"Administartor\"},\"sameAs\":[\"https:\\\/\\\/sapor.pl\"],\"url\":\"https:\\\/\\\/sapor.pl\\\/it\\\/author\\\/sapor\\\/\"}]}<\/script>\n<!-- \/ Yoast SEO plugin. -->","yoast_head_json":{"title":"Cosa Considerare Nella Scelta delle Finestre per una Casa Unifamiliare? - Sapor","robots":{"index":"index","follow":"follow","max-snippet":"max-snippet:-1","max-image-preview":"max-image-preview:large","max-video-preview":"max-video-preview:-1"},"canonical":"https:\/\/sapor.pl\/it\/tutti\/cosa-considerare-nella-scelta-delle-finestre-per-una-casa-unifamiliare-2\/","og_locale":"it_IT","og_type":"article","og_title":"Cosa Considerare Nella Scelta delle Finestre per una Casa Unifamiliare? - Sapor","og_description":"Cosa Significa la Statica delle Finestre? La statica delle finestre [...]","og_url":"https:\/\/sapor.pl\/it\/tutti\/cosa-considerare-nella-scelta-delle-finestre-per-una-casa-unifamiliare-2\/","og_site_name":"Sapor","article_publisher":"https:\/\/www.facebook.com\/SAPOR.Fabryka.okien.i.drzwi\/","article_published_time":"2025-01-23T19:12:44+00:00","article_modified_time":"2025-02-07T19:14:03+00:00","og_image":[{"width":2048,"height":1150,"url":"https:\/\/sapor.pl\/wp-content\/uploads\/2024\/08\/Italian-Jakie-drzwi-wybrac-na-balkon.jpg","type":"image\/jpeg"}],"author":"Administartor","twitter_card":"summary_large_image","twitter_misc":{"Scritto da":"Administartor","Tempo di lettura stimato":"1 minuto"},"schema":{"@context":"https:\/\/schema.org","@graph":[{"@type":"Article","@id":"https:\/\/sapor.pl\/it\/tutti\/cosa-considerare-nella-scelta-delle-finestre-per-una-casa-unifamiliare-2\/#article","isPartOf":{"@id":"https:\/\/sapor.pl\/it\/tutti\/cosa-considerare-nella-scelta-delle-finestre-per-una-casa-unifamiliare-2\/"},"author":{"name":"Administartor","@id":"https:\/\/sapor.pl\/en\/#\/schema\/person\/fef15ee2dea405965937d6f409d02942"},"headline":"Cosa Considerare Nella Scelta delle Finestre per una Casa Unifamiliare?","datePublished":"2025-01-23T19:12:44+00:00","dateModified":"2025-02-07T19:14:03+00:00","mainEntityOfPage":{"@id":"https:\/\/sapor.pl\/it\/tutti\/cosa-considerare-nella-scelta-delle-finestre-per-una-casa-unifamiliare-2\/"},"wordCount":358,"publisher":{"@id":"https:\/\/sapor.pl\/en\/#organization"},"image":{"@id":"https:\/\/sapor.pl\/it\/tutti\/cosa-considerare-nella-scelta-delle-finestre-per-una-casa-unifamiliare-2\/#primaryimage"},"thumbnailUrl":"https:\/\/sapor.pl\/wp-content\/uploads\/2024\/08\/Italian-Jakie-drzwi-wybrac-na-balkon.jpg","articleSection":["TUTTI"],"inLanguage":"it-IT"},{"@type":"WebPage","@id":"https:\/\/sapor.pl\/it\/tutti\/cosa-considerare-nella-scelta-delle-finestre-per-una-casa-unifamiliare-2\/","url":"https:\/\/sapor.pl\/it\/tutti\/cosa-considerare-nella-scelta-delle-finestre-per-una-casa-unifamiliare-2\/","name":"Cosa Considerare Nella Scelta delle Finestre per una Casa Unifamiliare? - Sapor","isPartOf":{"@id":"https:\/\/sapor.pl\/en\/#website"},"primaryImageOfPage":{"@id":"https:\/\/sapor.pl\/it\/tutti\/cosa-considerare-nella-scelta-delle-finestre-per-una-casa-unifamiliare-2\/#primaryimage"},"image":{"@id":"https:\/\/sapor.pl\/it\/tutti\/cosa-considerare-nella-scelta-delle-finestre-per-una-casa-unifamiliare-2\/#primaryimage"},"thumbnailUrl":"https:\/\/sapor.pl\/wp-content\/uploads\/2024\/08\/Italian-Jakie-drzwi-wybrac-na-balkon.jpg","datePublished":"2025-01-23T19:12:44+00:00","dateModified":"2025-02-07T19:14:03+00:00","breadcrumb":{"@id":"https:\/\/sapor.pl\/it\/tutti\/cosa-considerare-nella-scelta-delle-finestre-per-una-casa-unifamiliare-2\/#breadcrumb"},"inLanguage":"it-IT","potentialAction":[{"@type":"ReadAction","target":["https:\/\/sapor.pl\/it\/tutti\/cosa-considerare-nella-scelta-delle-finestre-per-una-casa-unifamiliare-2\/"]}]},{"@type":"ImageObject","inLanguage":"it-IT","@id":"https:\/\/sapor.pl\/it\/tutti\/cosa-considerare-nella-scelta-delle-finestre-per-una-casa-unifamiliare-2\/#primaryimage","url":"https:\/\/sapor.pl\/wp-content\/uploads\/2024\/08\/Italian-Jakie-drzwi-wybrac-na-balkon.jpg","contentUrl":"https:\/\/sapor.pl\/wp-content\/uploads\/2024\/08\/Italian-Jakie-drzwi-wybrac-na-balkon.jpg","width":2048,"height":1150,"caption":"Cosa Considerare Nella Scelta delle Finestre per una Casa Unifamiliare?"},{"@type":"BreadcrumbList","@id":"https:\/\/sapor.pl\/it\/tutti\/cosa-considerare-nella-scelta-delle-finestre-per-una-casa-unifamiliare-2\/#breadcrumb","itemListElement":[{"@type":"ListItem","position":1,"name":"Homepage","item":"https:\/\/sapor.pl\/de\/"},{"@type":"ListItem","position":2,"name":"Cosa Considerare Nella Scelta delle Finestre per una Casa Unifamiliare?"}]},{"@type":"WebSite","@id":"https:\/\/sapor.pl\/en\/#website","url":"https:\/\/sapor.pl\/en\/","name":"Sapor","description":"","publisher":{"@id":"https:\/\/sapor.pl\/en\/#organization"},"potentialAction":[{"@type":"SearchAction","target":{"@type":"EntryPoint","urlTemplate":"https:\/\/sapor.pl\/en\/?s={search_term_string}"},"query-input":{"@type":"PropertyValueSpecification","valueRequired":true,"valueName":"search_term_string"}}],"inLanguage":"it-IT"},{"@type":"Organization","@id":"https:\/\/sapor.pl\/en\/#organization","name":"Sapor Sp. z o. o.","url":"https:\/\/sapor.pl\/en\/","logo":{"@type":"ImageObject","inLanguage":"it-IT","@id":"https:\/\/sapor.pl\/en\/#\/schema\/logo\/image\/","url":"https:\/\/sapor.pl\/wp-content\/uploads\/2021\/04\/logo-sapor-e1618419520128.png","contentUrl":"https:\/\/sapor.pl\/wp-content\/uploads\/2021\/04\/logo-sapor-e1618419520128.png","width":140,"height":67,"caption":"Sapor Sp. z o. o."},"image":{"@id":"https:\/\/sapor.pl\/en\/#\/schema\/logo\/image\/"},"sameAs":["https:\/\/www.facebook.com\/SAPOR.Fabryka.okien.i.drzwi\/"]},{"@type":"Person","@id":"https:\/\/sapor.pl\/en\/#\/schema\/person\/fef15ee2dea405965937d6f409d02942","name":"Administartor","image":{"@type":"ImageObject","inLanguage":"it-IT","@id":"https:\/\/secure.gravatar.com\/avatar\/cf431a23c1196d3ec37215e2ffa5da763abfa7faae38be6c34e334dd97f27d15?s=96&d=mm&r=g","url":"https:\/\/secure.gravatar.com\/avatar\/cf431a23c1196d3ec37215e2ffa5da763abfa7faae38be6c34e334dd97f27d15?s=96&d=mm&r=g","contentUrl":"https:\/\/secure.gravatar.com\/avatar\/cf431a23c1196d3ec37215e2ffa5da763abfa7faae38be6c34e334dd97f27d15?s=96&d=mm&r=g","caption":"Administartor"},"sameAs":["https:\/\/sapor.pl"],"url":"https:\/\/sapor.pl\/it\/author\/sapor\/"}]}},"_links":{"self":[{"href":"https:\/\/sapor.pl\/it\/wp-json\/wp\/v2\/posts\/11803","targetHints":{"allow":["GET"]}}],"collection":[{"href":"https:\/\/sapor.pl\/it\/wp-json\/wp\/v2\/posts"}],"about":[{"href":"https:\/\/sapor.pl\/it\/wp-json\/wp\/v2\/types\/post"}],"author":[{"embeddable":true,"href":"https:\/\/sapor.pl\/it\/wp-json\/wp\/v2\/users\/1"}],"replies":[{"embeddable":true,"href":"https:\/\/sapor.pl\/it\/wp-json\/wp\/v2\/comments?post=11803"}],"version-history":[{"count":1,"href":"https:\/\/sapor.pl\/it\/wp-json\/wp\/v2\/posts\/11803\/revisions"}],"predecessor-version":[{"id":11804,"href":"https:\/\/sapor.pl\/it\/wp-json\/wp\/v2\/posts\/11803\/revisions\/11804"}],"wp:featuredmedia":[{"embeddable":true,"href":"https:\/\/sapor.pl\/it\/wp-json\/wp\/v2\/media\/11774"}],"wp:attachment":[{"href":"https:\/\/sapor.pl\/it\/wp-json\/wp\/v2\/media?parent=11803"}],"wp:term":[{"taxonomy":"category","embeddable":true,"href":"https:\/\/sapor.pl\/it\/wp-json\/wp\/v2\/categories?post=11803"},{"taxonomy":"post_tag","embeddable":true,"href":"https:\/\/sapor.pl\/it\/wp-json\/wp\/v2\/tags?post=11803"}],"curies":[{"name":"wp","href":"https:\/\/api.w.org\/{rel}","templated":true}]}}